{"id":674,"date":"2018-01-17T12:12:14","date_gmt":"2018-01-17T11:12:14","guid":{"rendered":"http:\/\/www.iww.or.at\/?p=674"},"modified":"2018-01-17T13:22:26","modified_gmt":"2018-01-17T12:22:26","slug":"solidarisch-organisieren","status":"publish","type":"post","link":"https:\/\/www.iww.or.at\/en\/allgemein\/solidarisch-organisieren\/","title":{"rendered":"Solidarisch organisieren!"},"content":{"rendered":"<p>Flyer der IWW Wien f\u00fcr die Demo gegen die \u00d6VP-FP\u00d6-Regierungspolitik am 13.1.2018<\/p>\n<p><a href=\"http:\/\/www.iww.or.at\/wp-content\/uploads\/2018\/01\/flyerS1jpg.jpg\"><img decoding=\"async\" loading=\"lazy\" class=\"alignnone wp-image-676 size-large\" src=\"http:\/\/www.iww.or.at\/wp-content\/uploads\/2018\/01\/flyerS1jpg-723x1024.jpg\" alt=\"\" width=\"723\" height=\"1024\" srcset=\"https:\/\/www.iww.or.at\/wp-content\/uploads\/2018\/01\/flyerS1jpg-723x1024.jpg 723w, https:\/\/www.iww.or.at\/wp-content\/uploads\/2018\/01\/flyerS1jpg-212x300.jpg 212w, https:\/\/www.iww.or.at\/wp-content\/uploads\/2018\/01\/flyerS1jpg-768x1087.jpg 768w, https:\/\/www.iww.or.at\/wp-content\/uploads\/2018\/01\/flyerS1jpg.jpg 1239w\" sizes=\"(max-width: 723px) 100vw, 723px\" \/><\/a><\/p>\n<p><a href=\"http:\/\/www.iww.or.at\/wp-content\/uploads\/2018\/01\/flyerS2jpg.jpg\"><img decoding=\"async\" loading=\"lazy\" class=\"alignnone wp-image-677 size-large\" src=\"http:\/\/www.iww.or.at\/wp-content\/uploads\/2018\/01\/flyerS2jpg-723x1024.jpg\" alt=\"\" width=\"723\" height=\"1024\" srcset=\"https:\/\/www.iww.or.at\/wp-content\/uploads\/2018\/01\/flyerS2jpg-723x1024.jpg 723w, https:\/\/www.iww.or.at\/wp-content\/uploads\/2018\/01\/flyerS2jpg-212x300.jpg 212w, https:\/\/www.iww.or.at\/wp-content\/uploads\/2018\/01\/flyerS2jpg-768x1087.jpg 768w, https:\/\/www.iww.or.at\/wp-content\/uploads\/2018\/01\/flyerS2jpg.jpg 1239w\" sizes=\"(max-width: 723px) 100vw, 723px\" \/><\/a><\/p>\n","protected":false},"excerpt":{"rendered":"<p>Flyer der IWW Wien f\u00fcr die Demo gegen die \u00d6VP-FP\u00d6-Regierungspolitik am 13.1.2018<\/p>\n","protected":false},"author":4,"featured_media":676,"comment_status":"open","ping_status":"open","sticky":false,"template":"","format":"standard","meta":[],"categories":[52],"tags":[],"_links":{"self":[{"href":"https:\/\/www.iww.or.at\/en\/wp-json\/wp\/v2\/posts\/674"}],"collection":[{"href":"https:\/\/www.iww.or.at\/en\/wp-json\/wp\/v2\/posts"}],"about":[{"href":"https:\/\/www.iww.or.at\/en\/wp-json\/wp\/v2\/types\/post"}],"author":[{"embeddable":true,"href":"https:\/\/www.iww.or.at\/en\/wp-json\/wp\/v2\/users\/4"}],"replies":[{"embeddable":true,"href":"https:\/\/www.iww.or.at\/en\/wp-json\/wp\/v2\/comments?post=674"}],"version-history":[{"count":1,"href":"https:\/\/www.iww.or.at\/en\/wp-json\/wp\/v2\/posts\/674\/revisions"}],"predecessor-version":[{"id":678,"href":"https:\/\/www.iww.or.at\/en\/wp-json\/wp\/v2\/posts\/674\/revisions\/678"}],"wp:featuredmedia":[{"embeddable":true,"href":"https:\/\/www.iww.or.at\/en\/wp-json\/wp\/v2\/media\/676"}],"wp:attachment":[{"href":"https:\/\/www.iww.or.at\/en\/wp-json\/wp\/v2\/media?parent=674"}],"wp:term":[{"taxonomy":"category","embeddable":true,"href":"https:\/\/www.iww.or.at\/en\/wp-json\/wp\/v2\/categories?post=674"},{"taxonomy":"post_tag","embeddable":true,"href":"https:\/\/www.iww.or.at\/en\/wp-json\/wp\/v2\/tags?post=674"}],"curies":[{"name":"wp","href":"https:\/\/api.w.org\/{rel}","templated":true}]}}