{"id":468,"date":"2017-04-19T17:19:03","date_gmt":"2017-04-19T16:19:03","guid":{"rendered":"http:\/\/www.iww.or.at\/?p=468"},"modified":"2017-04-19T17:19:03","modified_gmt":"2017-04-19T16:19:03","slug":"kuriere-organisieren-sich","status":"publish","type":"post","link":"https:\/\/www.iww.or.at\/en\/allgemein\/kuriere-organisieren-sich\/","title":{"rendered":"Kuriere organisieren sich"},"content":{"rendered":"<p>Ein Beitrag \u00fcber die Betriebsratsgr\u00fcndung bei Foodora in \u00d6sterreich\u00a0<a href=\"https:\/\/www.jungewelt.de\/artikel\/309108.kuriere-organisieren-sich.html\">in der Jungen Welt, 18.04.2017.<\/a><\/p>\n<p>Hier ein Auszug:<\/p>\n<p><em>In \u00d6sterreich hat die IWW ebenfalls vor einigen Wochen eine zus\u00e4tzliche Foodora-Kampagne gestartet, die sich vor allem an die \u00bbfreien\u00ab Kuriere richtet. Denn die nun in Wien gegr\u00fcndete Besch\u00e4ftigtenvertretung ist unter arbeitsrechtlicher Sicht nur f\u00fcr die Festangestellten zust\u00e4ndig. Diese machen dort laut Medienberichten jedoch lediglich ein Drittel der Belegschaft aus. Etwa 200 Fahrer arbeiten auf Basis freier Dienstvertr\u00e4ge.<\/em><\/p>\n<p><em>Genau hier sehen die Aktivisten der Basisgewerkschaft ihre Aufgabe. \u00bbUns interessiert das Wohl aller Kuriere \u2013 ob angestellt oder sogenannte freie Dienstnehmer\u00ab, sagte ein Sprecher der IWW Wien vergangene Woche gegen\u00fcber jW, \u00bbsollte sich der Betriebsrat um letztere nicht k\u00fcmmern, so finden diese in uns einen Ansprechpartner. Wir unterst\u00fctzen alle dabei, sich selbst zu organisieren und f\u00fcr Verbesserungen zu k\u00e4mpfen\u00a0\u2013 mit oder ohne Kollektivvertrag.\u00ab<\/em><\/p>\n","protected":false},"excerpt":{"rendered":"<p>Ein Beitrag \u00fcber die Betriebsratsgr\u00fcndung bei Foodora in \u00d6sterreich\u00a0in der Jungen Welt, 18.04.2017. Hier ein Auszug: In \u00d6sterreich hat die IWW ebenfalls vor einigen Wochen eine zus\u00e4tzliche Foodora-Kampagne gestartet, die [&hellip;]<\/p>\n","protected":false},"author":1,"featured_media":0,"comment_status":"open","ping_status":"open","sticky":false,"template":"","format":"standard","meta":[],"categories":[52],"tags":[],"_links":{"self":[{"href":"https:\/\/www.iww.or.at\/en\/wp-json\/wp\/v2\/posts\/468"}],"collection":[{"href":"https:\/\/www.iww.or.at\/en\/wp-json\/wp\/v2\/posts"}],"about":[{"href":"https:\/\/www.iww.or.at\/en\/wp-json\/wp\/v2\/types\/post"}],"author":[{"embeddable":true,"href":"https:\/\/www.iww.or.at\/en\/wp-json\/wp\/v2\/users\/1"}],"replies":[{"embeddable":true,"href":"https:\/\/www.iww.or.at\/en\/wp-json\/wp\/v2\/comments?post=468"}],"version-history":[{"count":1,"href":"https:\/\/www.iww.or.at\/en\/wp-json\/wp\/v2\/posts\/468\/revisions"}],"predecessor-version":[{"id":469,"href":"https:\/\/www.iww.or.at\/en\/wp-json\/wp\/v2\/posts\/468\/revisions\/469"}],"wp:attachment":[{"href":"https:\/\/www.iww.or.at\/en\/wp-json\/wp\/v2\/media?parent=468"}],"wp:term":[{"taxonomy":"category","embeddable":true,"href":"https:\/\/www.iww.or.at\/en\/wp-json\/wp\/v2\/categories?post=468"},{"taxonomy":"post_tag","embeddable":true,"href":"https:\/\/www.iww.or.at\/en\/wp-json\/wp\/v2\/tags?post=468"}],"curies":[{"name":"wp","href":"https:\/\/api.w.org\/{rel}","templated":true}]}}