{"id":397,"date":"2017-01-25T10:51:39","date_gmt":"2017-01-25T09:51:39","guid":{"rendered":"http:\/\/www.iww.or.at\/?p=397"},"modified":"2017-01-26T18:06:24","modified_gmt":"2017-01-26T17:06:24","slug":"solidaritaetsaufruf","status":"publish","type":"post","link":"https:\/\/www.iww.or.at\/en\/allgemein\/solidaritaetsaufruf\/","title":{"rendered":"Solidarit\u00e4tsaufruf!"},"content":{"rendered":"<p>Liebe Kolleg*innen, liebe Genoss*innen, wir wenden uns an Euch wegen dem Fall des Kollegen Harald Stubbe, der gerade wegen der Skandalisierung der Arbeitsverh\u00e4ltnisse in der mobilen Pflege und Gr\u00fcndung eines Betriebsrates gek\u00fcndigt wurde. Bitte leitet diese Mail auch alle m\u00f6glichen Interessierten weiter.<\/p>\n<p>Zum Kontext: Der Kollege versuchte bei dem 8 k\u00f6pfigen Unternehmen &#8220;Die Pflegeexperten&#8221; einen Betriebsrat zu gr\u00fcnden, wurde dann aber mittels massiver, illegaler Behinderung und Drohungen durch die Gesch\u00e4ftsf\u00fchrung anschlie\u00dfend gek\u00fcndigt. Das Vorgehen des Unternehmens ist f\u00fcr sich genommen bereits ein Skandal, steht jedoch auch stellvertretend f\u00fcr die Praktiken in der Branche. So berichtet Harald Stubbe: &#8220;Ich habe Windeln gewechselt, habe Insulin und Klexan oder Marcumar gespritzt, habe Verb\u00e4nde gewechselt und Wundversorgung gemacht. K\u00fcnstliche Ern\u00e4hrung angelegt und Medikamente in eine Magensonde gespritzt oder die Beutel an k\u00fcnstlichen Darmausg\u00e4ngen gewechselt. Einiges hab ich mir aus YouTube-Videos angelernt.&#8221; Hier wird nicht nur mit den Leben der zu betreuenden Personen gespielt, sondern auch die wichtige Arbeit durch die KollegInnen nahezu verunm\u00f6glicht. Die Profitinteressen der Unternehmen werden auch weiterhin so lange auf Kosten unserer Gesundheit gehen, wie sich nicht genug Kolleginnen und Kollegen organisieren. Gemeinsam mit anderen Initiativen wie dem bundesweiten Netzwerk &#8220;Care Revolution&#8221; (<a class=\"moz-txt-link-freetext\" href=\"http:\/\/care-revolution.org\">http:\/\/care-revolution.org<\/a>) oder Kolleg*innen im Sozial-, und Erziehungsdienst strebt die weltweite Basisgewerkschaft Industrial Workers of the World eine solidarische Bewegung an, die sich diesen Entwicklungen entgegen stellt. Einen kleinen Teil dazu leistet der Kollege Harald Stubbe.<\/p>\n<p><strong>Wir bitten euch eine Email an die Gesch\u00e4ftsf\u00fchrung des Unternehmens zu schreiben oder andere Soli-Aktionen zu starten. <a class=\"moz-txt-link-abbreviated\" href=\"&#109;&#x61;&#x69;&#108;&#x74;&#x6f;&#58;&#x69;&#x6e;&#102;&#x6f;&#x40;&#112;&#x66;&#x6c;&#101;&#x67;&#x65;&#45;&#x65;&#x78;&#112;&#x65;&#x72;&#116;&#x65;&#x6e;2&#x34;&#x2e;d&#x65;\">&#x69;&#110;f&#x6f;&#x40;&#112;f&#x6c;&#x65;&#103;e&#x2d;&#x65;&#120;p&#x65;&#x72;&#116;e&#x6e;&#50;&#52;&#46;&#x64;&#101;<\/a> <\/strong><\/p>\n<p>Solibekundungen sind erbeten an: <a href=\"&#109;a&#x69;l&#x74;&#111;&#x3a;&#111;&#x72;&#103;a&#x6e;i&#x7a;&#105;&#x6e;&#103;&#x40;&#119;&#x6f;&#98;b&#x6c;i&#x65;&#115;&#x2e;&#111;&#x72;&#103;\">o&#114;&#103;&#x61;&#x6e;&#x69;z&#105;&#110;&#x67;&#x40;&#x77;ob&#98;&#x6c;&#x69;&#x65;s&#46;&#111;&#114;&#x67;<\/a><\/p>\n","protected":false},"excerpt":{"rendered":"<p>Liebe Kolleg*innen, liebe Genoss*innen, wir wenden uns an Euch wegen dem Fall des Kollegen Harald Stubbe, der gerade wegen der Skandalisierung der Arbeitsverh\u00e4ltnisse in der mobilen Pflege und Gr\u00fcndung eines [&hellip;]<\/p>\n","protected":false},"author":1,"featured_media":0,"comment_status":"open","ping_status":"open","sticky":false,"template":"","format":"standard","meta":[],"categories":[52],"tags":[],"_links":{"self":[{"href":"https:\/\/www.iww.or.at\/en\/wp-json\/wp\/v2\/posts\/397"}],"collection":[{"href":"https:\/\/www.iww.or.at\/en\/wp-json\/wp\/v2\/posts"}],"about":[{"href":"https:\/\/www.iww.or.at\/en\/wp-json\/wp\/v2\/types\/post"}],"author":[{"embeddable":true,"href":"https:\/\/www.iww.or.at\/en\/wp-json\/wp\/v2\/users\/1"}],"replies":[{"embeddable":true,"href":"https:\/\/www.iww.or.at\/en\/wp-json\/wp\/v2\/comments?post=397"}],"version-history":[{"count":2,"href":"https:\/\/www.iww.or.at\/en\/wp-json\/wp\/v2\/posts\/397\/revisions"}],"predecessor-version":[{"id":399,"href":"https:\/\/www.iww.or.at\/en\/wp-json\/wp\/v2\/posts\/397\/revisions\/399"}],"wp:attachment":[{"href":"https:\/\/www.iww.or.at\/en\/wp-json\/wp\/v2\/media?parent=397"}],"wp:term":[{"taxonomy":"category","embeddable":true,"href":"https:\/\/www.iww.or.at\/en\/wp-json\/wp\/v2\/categories?post=397"},{"taxonomy":"post_tag","embeddable":true,"href":"https:\/\/www.iww.or.at\/en\/wp-json\/wp\/v2\/tags?post=397"}],"curies":[{"name":"wp","href":"https:\/\/api.w.org\/{rel}","templated":true}]}}