{"id":364,"date":"2016-12-28T14:41:35","date_gmt":"2016-12-28T12:41:35","guid":{"rendered":"http:\/\/www.iww.or.at\/?p=364"},"modified":"2016-12-28T14:41:35","modified_gmt":"2016-12-28T12:41:35","slug":"sich-wehren-lohnt-sich","status":"publish","type":"post","link":"https:\/\/www.iww.or.at\/en\/allgemein\/sich-wehren-lohnt-sich\/","title":{"rendered":"Sich wehren lohnt sich"},"content":{"rendered":"<p><a href=\"http:\/\/www.iww.or.at\/wp-content\/uploads\/2016\/12\/amazon.png\"><img decoding=\"async\" loading=\"lazy\" class=\"size-full wp-image-365 alignleft\" src=\"http:\/\/www.iww.or.at\/wp-content\/uploads\/2016\/12\/amazon.png\" alt=\"\" width=\"264\" height=\"254\" \/><\/a>Das Jahr endet mit Arbeitsk\u00e4mpfen allerorten. An mehreren Amazon-Standorten in Deutschland streikten Angestellte w\u00e4hrend der Hochphase des Weihnachtsgesch\u00e4fts und zeigten, dass gewerkschaftliche Arbeit vor allem Hartn\u00e4ckigkeit erfordert. In den vielen Jahren des Kampfes um Lohnerh\u00f6hungen und Kollektivvertr\u00e4ge bei Amazon wurden bereits einige kleine Siege errungen. Wichtig ist der Einsatz der KollegInnen auch deshalb, weil Amazon zum einen Vorreiterrolle bei der Verschlechterung von Arbeitsbedingungen spielt. Zum anderen strahlt die \u201eUnternehmenskultur\u201c des Konzerns aufgrund von dessen Monopolstellung auch auf andere Unternehmen und Branchen aus. Die KollegInnen bei Amazon zeigen, dass auch in der deregulierten neuen E-Commerce-Welt Organisierung und Arbeitsk\u00e4mpfe m\u00f6glich sind und erfolgreich sein k\u00f6nnen.<\/p>\n<p>Gewehrt haben sich auch KollegInnen aus Portugal und Spanien, die auf einer Gro\u00dfbaustelle am Wiener Hauptbahnhof um ihre L\u00f6hne geprellt wurden. Bauherr Signa hatte die Porr AG beauftragt, die die Rekrutierung von Arbeitern wiederum kleinere Baufirmen (Wattaul und JMP) mit der Rekrutierung betraute. Am Zahltag redete sich eine Firma auf die n\u00e4chste aus \u2013 diese Rechnung sei offen, jener Betrag nicht beglichen, die Arbeiter bekommen leider nix. Sowas hat nat\u00fcrlich System und ist etwa von der Berliner <a href=\"https:\/\/berlin.fau.org\/kaempfe\/mall-of-shame\">\u201eMall of Shame\u201c<\/a> wohlbekannt. Die zum Arbeiten nach Wien gekommenen Kollegen drohten, bereits Errichtetes wieder abzubauen, worauf pl\u00f6tzlich doch zumindest ein Teil der L\u00f6hne ausgezahlt werden konnten. Etwas mediale \u00d6ffentlichkeit half ebenfalls. Das \u00e4ndert jedoch nichts an dem zugrunde liegenden Skandal, dass bei derartigen Projekten in \u00d6sterreich offenbar untragbare Zust\u00e4nde herrschen. Wieviele Arbeiter sind so wohl bereits um ihre L\u00f6hne geprellt worden und mit leeren Taschen wieder abgereist?<\/p>\n<p><strong>Wenig Medienhetze<\/strong><\/p>\n<p>Auff\u00e4llig bei beiden Geschichten war die mediale Berichterstattung. Anstelle der \u00fcblichen Hetze gegen Streikende und Protestierende herrschte vorsichtiges\u00a0Verst\u00e4ndnis vor. Vielleicht d\u00e4mmert einigen KollegInnen in den Redaktionsstuben langsam, dass jene, die f\u00fcr ihre Rechte k\u00e4mpfen, indirekt auch f\u00fcr die Rechte der privilegierteren Teile der ArbeiterInnenklasse k\u00e4mpfen. Immerhin sind die K\u00e4mpfe ja bereits mitten in den Redaktionsstuben angekommen &#8211; wenn sie auch dort noch in vorwiegend von den Unternehmern und CEO&#8217;s gef\u00fchrt und gewonnen zu werden scheinen. In der Verlagsgruppe News finden derzeit die <a href=\"http:\/\/www.iww.or.at\/uncategorized\/pirker-macht-kassa\/\">im Herbst angek\u00fcndigten Entlassungen<\/a> statt. Viele weitere Angestellte gehen \u201efreiwillig\u201c, weil sie aufgrund der radikalen Umstrukturierung des <a href=\"http:\/\/www.iww.or.at\/wp-content\/uploads\/2016\/12\/kuchenteil.jpg\"><img decoding=\"async\" loading=\"lazy\" class=\"size-medium wp-image-367 alignright\" src=\"http:\/\/www.iww.or.at\/wp-content\/uploads\/2016\/12\/kuchenteil-292x300.jpg\" alt=\"\" width=\"292\" height=\"300\" srcset=\"https:\/\/www.iww.or.at\/wp-content\/uploads\/2016\/12\/kuchenteil-292x300.jpg 292w, https:\/\/www.iww.or.at\/wp-content\/uploads\/2016\/12\/kuchenteil-768x790.jpg 768w, https:\/\/www.iww.or.at\/wp-content\/uploads\/2016\/12\/kuchenteil-995x1024.jpg 995w\" sizes=\"(max-width: 292px) 100vw, 292px\" \/><\/a>Medienunternehmens keine Perspektive mehr sehen. Sie sollen ja nun die Arbeit jener mit\u00fcbernehmen, die gek\u00fcndigt wurden. Aber auch bei anderen \u00f6sterreichischen Medien geht es rund. Ex-<i>News<\/i>-Chef und <i>\u00d6sterreich<\/i>-Gr\u00fcnder Wolfgang Fellner k\u00fcndigt seinen Angestellten die Journalisten-Kollektivvertr\u00e4ge. K\u00fcnftig sollen sie nach weit schlechteren Angestellten-KV\u2018s entlohnt werden. Die Umstellung erfolge \u201eim Einvernehmen\u201c mit Betriebsrat und Angestellten. Letztere wurden vor die Wahl gestellt: Zustimmung oder K\u00fcndigung. Sowas nennt man in der Welt der Fellners \u201eEinvernehmen\u201c.<\/p>\n<p><strong>Sich wehren ist der erste Schritt<\/strong><\/p>\n<p>Eine erfreuliche Meldung gab es schlie\u00dflich auch noch wenige Tage vor Weihnachten. Spar \u00d6sterreich muss 52.730 Euro Strafe wegen Verst\u00f6\u00dfen gegen das Arbeitszeitgesetz zahlen. Das Unternehmen setzte Software zur Arbeitszeitaufzeichnung ein, die so programmiert war, dass die Zeiterfassung immer zugunsten des Unternehmens ausgefallen. In einer Filiale waren Pausen von 9 Uhr bis 9.15 Uhr festgelegt, berichtete die Wochenzeitung <i>Falter<\/i> von dem Prozess am Landesverwaltungsgericht Salzburg. Wenn die Kassierin beispielsweise erst um 9.10 Uhr die Pause beginnen konnte, weil sie noch Kundschaft bedienen musste, wurden <a href=\"http:\/\/www.iww.or.at\/wp-content\/uploads\/2016\/12\/solidarityforever3.jpg\"><img decoding=\"async\" loading=\"lazy\" class=\"size-full wp-image-368 alignleft\" src=\"http:\/\/www.iww.or.at\/wp-content\/uploads\/2016\/12\/solidarityforever3.jpg\" alt=\"\" width=\"200\" height=\"259\" \/><\/a>ihr nicht f\u00fcnf Minuten als Pause verrechnet, sondern die ganzen 15 Minuten. Wenn sie aber umgekehrt l\u00e4nger Pause machte, dann wurde dies sehr wohl flexibel angerechnet. Eine Spar-Sprecherin rechtfertigte die Sache \u00fcbrigens mit dem Hinweis darauf, dass diese Software genau so auch in vielen anderen Unternehmen eingesetzt werde. Guter Hinweis! Schaut genau, wie eure Arbeitszeit und Pausen erfasst werden und wehrt euch, wenn was nicht stimmt! Sich wehren lohnt sich immer und ist der erste Schritt f\u00fcr Verbesserungen!<\/p>\n<p><i>X362256<\/i><\/p>\n<style type=\"text\/css\">\n\t<!--\n\t\t@page { margin: 2cm }\n\t\tP { margin-bottom: 0.21cm }\n\t-->\n\t<\/style>\n<p><span style=\"font-size: small;\"><i>Bilder: <a href=\"https:\/\/www.amazon-verdi.de\">ver.di<\/a>, <a href=\"http:\/\/www.zeichenware.at\/index.htm\">Karl Berger<\/a>,\u00a0<a href=\"http:\/\/www.iww.org\">IWW<\/a><\/i><\/span><\/p>\n","protected":false},"excerpt":{"rendered":"<p>Das Jahr endet mit Arbeitsk\u00e4mpfen allerorten. An mehreren Amazon-Standorten in Deutschland streikten Angestellte w\u00e4hrend der Hochphase des Weihnachtsgesch\u00e4fts und zeigten, dass gewerkschaftliche Arbeit vor allem Hartn\u00e4ckigkeit erfordert. In den vielen [&hellip;]<\/p>\n","protected":false},"author":4,"featured_media":365,"comment_status":"open","ping_status":"open","sticky":false,"template":"","format":"standard","meta":[],"categories":[52],"tags":[],"_links":{"self":[{"href":"https:\/\/www.iww.or.at\/en\/wp-json\/wp\/v2\/posts\/364"}],"collection":[{"href":"https:\/\/www.iww.or.at\/en\/wp-json\/wp\/v2\/posts"}],"about":[{"href":"https:\/\/www.iww.or.at\/en\/wp-json\/wp\/v2\/types\/post"}],"author":[{"embeddable":true,"href":"https:\/\/www.iww.or.at\/en\/wp-json\/wp\/v2\/users\/4"}],"replies":[{"embeddable":true,"href":"https:\/\/www.iww.or.at\/en\/wp-json\/wp\/v2\/comments?post=364"}],"version-history":[{"count":1,"href":"https:\/\/www.iww.or.at\/en\/wp-json\/wp\/v2\/posts\/364\/revisions"}],"predecessor-version":[{"id":369,"href":"https:\/\/www.iww.or.at\/en\/wp-json\/wp\/v2\/posts\/364\/revisions\/369"}],"wp:featuredmedia":[{"embeddable":true,"href":"https:\/\/www.iww.or.at\/en\/wp-json\/wp\/v2\/media\/365"}],"wp:attachment":[{"href":"https:\/\/www.iww.or.at\/en\/wp-json\/wp\/v2\/media?parent=364"}],"wp:term":[{"taxonomy":"category","embeddable":true,"href":"https:\/\/www.iww.or.at\/en\/wp-json\/wp\/v2\/categories?post=364"},{"taxonomy":"post_tag","embeddable":true,"href":"https:\/\/www.iww.or.at\/en\/wp-json\/wp\/v2\/tags?post=364"}],"curies":[{"name":"wp","href":"https:\/\/api.w.org\/{rel}","templated":true}]}}