{"id":329,"date":"2010-09-12T07:55:33","date_gmt":"2010-09-12T05:55:33","guid":{"rendered":"http:\/\/iwwaustria.wordpress.com\/?p=329"},"modified":"2010-09-12T07:55:33","modified_gmt":"2010-09-12T05:55:33","slug":"frankreich-solidaritatsaufruf-der-cnt-f","status":"publish","type":"post","link":"https:\/\/www.iww.or.at\/en\/allgemein\/frankreich-solidaritatsaufruf-der-cnt-f\/","title":{"rendered":"Frankreich: Solidarit\u00e4tsaufruf der CNT-F"},"content":{"rendered":"<p>Das Syndikat Culture-Spectacle der Region Paris (CSRP-CNT) braucht eure\u00a0\u00a0 Solidarit\u00e4t, die internationale Klassensolidarit\u00e4t aller internationalen<br \/>\nSchwester- und befreundeten Organisationen der CNT-F.<\/p>\n<p><!--more--><\/p>\n<p>Es geht um die Entlassung unserer Genossin Val\u00e9rie,<br \/>\nGewerkschaftsdelegierte bei der Cin\u00e9math\u00e8que fran\u00e7aise, und um die<br \/>\ngewerkschaftsfeindliche Repression gegen die meisten unserer Gew\u00e4hlten<br \/>\n(d.h. Belegschaftsdelegierte, Mitglieder des Comit\u00e9 d\u2019Entreprise und der<br \/>\nKommission f\u00fcr Hygiene und Arbeitssicherheit CHSCT).<br \/>\nBitte schickt Protest-Mails an die Generaldirektion der Cin\u00e9math\u00e8que.<\/p>\n<p>Unser Textvorschlag, den ihr selbstverst\u00e4ndlich auch ab\u00e4ndern k\u00f6nnt:<\/p>\n<p>[Kurzfassung]<\/p>\n<p>Sehr geehrte Damen und Herren,<\/p>\n<p>die _ _ _ _ _ _ _ [Name eurer Organisation], Schwesterorganisation der<br \/>\nCNT, ist emp\u00f6rt und w\u00fctend angesichts der Repressionsma\u00dfnahmen, denen<br \/>\nVal\u00e9rie, Gewerkschaftsdelegierte der CNT in der Cin\u00e9math\u00e8que fran\u00e7aise,<br \/>\nausgesetzt ist.<\/p>\n<p>Wir fordern von Ihnen die sofortige Wiedereinstellung von Val\u00e9rie.<\/p>\n<p>Hochachtungsvoll,<br \/>\n_ _ _ _<\/p>\n<p>[Langfassung]<\/p>\n<p>Sehr geehrte Damen und Herren,<\/p>\n<p>die _ _ _ _ _ _ _ _ _ ist emp\u00f6rt und w\u00fctend angesichts der<br \/>\nRepressionsma\u00dfnahmen, denen Val\u00e9rie, Gewerkschaftsdelegierte der CNT und<br \/>\ngew\u00e4hltes Mitglied des Comit\u00e9 d\u2019Entreprise in der Cin\u00e9math\u00e8que fran\u00e7aise,<br \/>\nausgesetzt ist. Mit der Entlassung Val\u00e9rie\u2019s fand diese Repression Anfang<br \/>\nAugust ihren H\u00f6hepunkt.<\/p>\n<p>Ist das franz\u00f6sische Kino Teil der vielger\u00fchmten franz\u00f6sischen<br \/>\nKulturlandschaft? Dem w\u00fcrde es anstehen, seine Arbeiterinnen und Arbeiter<br \/>\nnicht wie Vieh zu behandeln. Die Cin\u00e9math\u00e8que fran\u00e7aise ist eine<br \/>\nbemerkenswerte und renommierte Institution, die mittels ihres Programms<br \/>\nund ihrer Aktionstage immer f\u00fcr die Meinungsfreiheit eingetreten ist, etwa<br \/>\ndurch die Auff\u00fchrung von Filmen engagierter Regisseure, durch<br \/>\nvantgardistisches Kino, durch einen Aktionstag f\u00fcr den Iran, etc. Diese<br \/>\nInstitution kann die Grundrechte ihres Personals nicht mit F\u00fc\u00dfen treten,<br \/>\nohne ihre Reputation auch auf internationalem Parkett zu besch\u00e4digen.<\/p>\n<p>Wir k\u00f6nnen es nicht tolerieren, dass die Belegschaftsvertreter, die sich<br \/>\nder Verteidigung der Interessen der Besch\u00e4ftigten widmen, in der<br \/>\nCin\u00e9math\u00e8que fran\u00e7aise oder anderswo Opfer von Diskriminierung und<br \/>\n\u00fcberzogener Angriffe werden. Sie sollten wissen, dass wir nicht unt\u00e4tig<br \/>\nbleiben werden angesichts dieses schwerwiegenden Falls<br \/>\ngewerkschaftsfeindlicher Ma\u00dfnahmen. Wir werden alle uns angebracht<br \/>\nerscheinenden Mittel zum Einsatz bringen.<\/p>\n<p>Wir fordern von Ihnen die sofortige Wiedereinstellung von Val\u00e9rie.<\/p>\n<p>Hochachtungsvoll,<\/p>\n<p>&#8212;&#8212;&#8212;&#8212;&#8212;&#8212;&#8212;&#8212;&#8212;&#8212;&#8212;&#8212;&#8212;&#8212;&#8212;<\/p>\n<p>Die Kontaktdaten sind folgende:<\/p>\n<p>Herr Toubiana (Generaldirektor):<br \/>\nE-Mail: <a href=\"mailto:s.toubiana%40cinematheque.fr\">&#x73;&#x2e;&#x74;&#111;&#117;bi&#x61;&#x6e;&#x61;&#64;&#99;in&#x65;&#x6d;&#x61;&#116;&#104;eq&#x75;&#x65;&#x2e;&#102;&#114;<\/a><br \/>\nTel : 0033 171 19 33 70 oder 0033 171 19 33 21<br \/>\nFax : 0033 171 19 32 01<\/p>\n<p>Herr Michel Romand-Monnier (stellv. Generaldirektor) :<br \/>\nE-Mail: <a href=\"mailto:m.romandmonnier%40cinematheque.fr\">&#109;&#x2e;r&#111;&#x6d;a&#110;&#x64;m&#111;&#x6e;n&#105;&#x65;r&#64;&#x63;i&#110;&#x65;m&#97;&#x74;h&#101;&#x71;u&#101;&#x2e;f&#114;<\/a><br \/>\nTel : 0033 171 19 33 20 oder 0033 171 19 33 22<br \/>\nFax : 0033 171 19 32 01<\/p>\n<p>Frau Julie Chamourat (Personaldirektorin)<br \/>\nE-Mail: <a href=\"mailto:j.chamourat%40cinematheque.fr\">&#106;&#x2e;&#99;&#x68;&#97;&#x6d;o&#x75;r&#97;&#x74;&#64;&#x63;&#105;&#x6e;e&#x6d;a&#116;&#x68;&#101;&#x71;&#117;&#x65;&#46;&#x66;r<\/a><br \/>\nTel : 0033 171 19 33 30 oder 0033 171 19 33 79<br \/>\nFax : 0033 171 19 34 20<\/p>\n<p>Bitte vergesst nicht, das Syndikat Culture-Spectacle ins BCC (blind copie)<br \/>\nder E-Mail zu setzen: <a href=\"mailto:culture.spectacle.rp%40cnt-f.org\">&#x63;u&#x6c;&#116;u&#x72;&#101;&#x2e;&#115;p&#x65;&#99;&#x74;&#97;c&#x6c;&#101;&#x2e;&#x72;p&#x40;&#99;n&#x74;&#45;&#x66;&#46;o&#x72;&#103;<\/a><\/p>\n<p>&#8212;&#8212;&#8212;&#8212;&#8212;&#8212;&#8212;&#8212;&#8212;&#8212;&#8212;&#8212;-<\/p>\n<p>Bonjour,<\/p>\n<p>Nous, &#8230;&#8230;&#8230;&#8230;&#8230;&#8230;&#8230;., tenons \u00e0 vous faire part de notre<br \/>\nindignation et<br \/>\nnotre col\u00e8re concernant la r\u00e9pression dont est victime Val\u00e9rie, d\u00e9l\u00e9gu\u00e9<br \/>\nsyndicale CNT et \u00e9lue titulaire au comit\u00e9 d\u2019entreprise \u00e0 la Cin\u00e9math\u00e8que<br \/>\nfran\u00e7aise, et qui culmine avec son licenciement intervenu d\u00e9but ao\u00fbt.<\/p>\n<p>Le cin\u00e9ma fran\u00e7ais fait partie de la fameuse \u00ab exception culturelle<br \/>\nfran\u00e7aise \u00bb ? Il convient alors de ne pas g\u00e9rer ses travailleurs et<br \/>\ntravailleuses comme du vulgaire b\u00e9tail. La Cin\u00e9math\u00e8que fran\u00e7aise est une<br \/>\ninstitution prestigieuse et renomm\u00e9e qui au travers de ses programmations<br \/>\net journ\u00e9es d\u2019actions n\u2019a cess\u00e9 de pr\u00f4ner la libert\u00e9 d\u2019expression<br \/>\n(nombreuses projections de films de r\u00e9alisateurs engag\u00e9s, s\u00e9ances de<br \/>\ncin\u00e9ma d\u2019avant-garde, journ\u00e9e pour l\u2019Iran,\u2026). Cette institution ne saurait<br \/>\nbafouer les droits \u00e9l\u00e9mentaires de son personnel sans entacher son image<br \/>\njusqu\u2019au niveau international.<\/p>\n<p>Nous ne tol\u00e9rerons pas que les repr\u00e9sentants du personnel d\u00e9vou\u00e9s \u00e0 la<br \/>\nd\u00e9fense des int\u00e9r\u00eats des salari\u00e9s, \u00e0 la Cin\u00e9math\u00e8que fran\u00e7aise comme<br \/>\nailleurs, soient victimes de discriminations et d&#8217;attaques intempestives.<br \/>\nNous tenons \u00e0 vous informer que nous ne sommes pas dispos\u00e9s \u00e0 rester<br \/>\npassifs face \u00e0 ce cas av\u00e9r\u00e9 de r\u00e9pression antisyndicale. Nous utiliserons<br \/>\nles moyens que nous jugerons utiles.<\/p>\n<p>En cons\u00e9quence, nous vous demandons la r\u00e9int\u00e9gration imm\u00e9diate de Val\u00e9rie.<\/p>\n<p>Salutations cordiales,<\/p>\n","protected":false},"excerpt":{"rendered":"<p>Das Syndikat Culture-Spectacle der Region Paris (CSRP-CNT) braucht eure\u00a0\u00a0 Solidarit\u00e4t, die internationale Klassensolidarit\u00e4t aller internationalen Schwester- und befreundeten Organisationen der CNT-F.<\/p>\n","protected":false},"author":1,"featured_media":0,"comment_status":"closed","ping_status":"open","sticky":false,"template":"","format":"standard","meta":[],"categories":[52,81],"tags":[],"_links":{"self":[{"href":"https:\/\/www.iww.or.at\/en\/wp-json\/wp\/v2\/posts\/329"}],"collection":[{"href":"https:\/\/www.iww.or.at\/en\/wp-json\/wp\/v2\/posts"}],"about":[{"href":"https:\/\/www.iww.or.at\/en\/wp-json\/wp\/v2\/types\/post"}],"author":[{"embeddable":true,"href":"https:\/\/www.iww.or.at\/en\/wp-json\/wp\/v2\/users\/1"}],"replies":[{"embeddable":true,"href":"https:\/\/www.iww.or.at\/en\/wp-json\/wp\/v2\/comments?post=329"}],"version-history":[{"count":0,"href":"https:\/\/www.iww.or.at\/en\/wp-json\/wp\/v2\/posts\/329\/revisions"}],"wp:attachment":[{"href":"https:\/\/www.iww.or.at\/en\/wp-json\/wp\/v2\/media?parent=329"}],"wp:term":[{"taxonomy":"category","embeddable":true,"href":"https:\/\/www.iww.or.at\/en\/wp-json\/wp\/v2\/categories?post=329"},{"taxonomy":"post_tag","embeddable":true,"href":"https:\/\/www.iww.or.at\/en\/wp-json\/wp\/v2\/tags?post=329"}],"curies":[{"name":"wp","href":"https:\/\/api.w.org\/{rel}","templated":true}]}}