{"id":314,"date":"2010-07-26T20:51:52","date_gmt":"2010-07-26T18:51:52","guid":{"rendered":"http:\/\/iwwaustria.wordpress.com\/?p=314"},"modified":"2010-07-26T20:51:52","modified_gmt":"2010-07-26T18:51:52","slug":"brd-iww-aktivitaten-bei-eurest-in-der-presse","status":"publish","type":"post","link":"https:\/\/www.iww.or.at\/en\/allgemein\/brd-iww-aktivitaten-bei-eurest-in-der-presse\/","title":{"rendered":"BRD: IWW Aktivit\u00e4ten bei Eurest in der Presse"},"content":{"rendered":"<p><strong>junge Welt und Neues Deutschland berichten \u00fcber Kantinen-Organizing<br \/>\n<\/strong><\/p>\n<p>Die IWW-Organisierung bei Eurest findet ihren Widerhall in zwei  Presseartikeln. Die junge Welt druckte in ihrer Beilage zum 1. Mai 2010  ein Interview mit dem IWW-Mitglied Harald Stubbe (<a href=\"http:\/\/www.jungewelt.de\/beilage\/art\/2317\">\u201cBetriebsr\u00e4te d\u00fcrfen keine Geheimr\u00e4te sein\u201d<\/a>), Peter Nowak schrieb am 16. Juli f\u00fcr das <a href=\"https:\/\/www.neues-deutschland.de\/artikel\/175341.die-unsichtbaren-fordern-rechte.html?sstr=IWW\">Neue Deutschland<\/a> \u00fcber die IWW-Organisierung in Kantinen in K\u00f6ln und im Rhein\/Main-Gebie den Artikelt: <a href=\"http:\/\/www.labournet.de\/branchen\/auto\/ford\/de\/nowak_eurest.html\">\u201cDie Unsichtbaren fordern Rechte\u201d<\/a>.<br \/>\nKantinen-ArbeiterInnen, die Kontakt zur IWW aufnehmen m\u00f6chten, k\u00f6nnen  das unter folgender Adresse tun: iww-bei-eurest(a)wobblies.de bzw. f\u00fcr \u00d6sterreich iwwaustria(a)gmail.com.<\/p>\n","protected":false},"excerpt":{"rendered":"<p>junge Welt und Neues Deutschland berichten \u00fcber Kantinen-Organizing Die IWW-Organisierung bei Eurest findet ihren Widerhall in zwei Presseartikeln. Die junge Welt druckte in ihrer Beilage zum 1. Mai 2010 ein [&hellip;]<\/p>\n","protected":false},"author":1,"featured_media":0,"comment_status":"closed","ping_status":"open","sticky":false,"template":"","format":"standard","meta":[],"categories":[52,81],"tags":[],"_links":{"self":[{"href":"https:\/\/www.iww.or.at\/en\/wp-json\/wp\/v2\/posts\/314"}],"collection":[{"href":"https:\/\/www.iww.or.at\/en\/wp-json\/wp\/v2\/posts"}],"about":[{"href":"https:\/\/www.iww.or.at\/en\/wp-json\/wp\/v2\/types\/post"}],"author":[{"embeddable":true,"href":"https:\/\/www.iww.or.at\/en\/wp-json\/wp\/v2\/users\/1"}],"replies":[{"embeddable":true,"href":"https:\/\/www.iww.or.at\/en\/wp-json\/wp\/v2\/comments?post=314"}],"version-history":[{"count":0,"href":"https:\/\/www.iww.or.at\/en\/wp-json\/wp\/v2\/posts\/314\/revisions"}],"wp:attachment":[{"href":"https:\/\/www.iww.or.at\/en\/wp-json\/wp\/v2\/media?parent=314"}],"wp:term":[{"taxonomy":"category","embeddable":true,"href":"https:\/\/www.iww.or.at\/en\/wp-json\/wp\/v2\/categories?post=314"},{"taxonomy":"post_tag","embeddable":true,"href":"https:\/\/www.iww.or.at\/en\/wp-json\/wp\/v2\/tags?post=314"}],"curies":[{"name":"wp","href":"https:\/\/api.w.org\/{rel}","templated":true}]}}