{"id":2145,"date":"2010-09-24T12:44:23","date_gmt":"2010-09-24T10:44:23","guid":{"rendered":"http:\/\/iwwaustria.wordpress.com\/?p=340"},"modified":"2010-09-24T12:44:23","modified_gmt":"2010-09-24T10:44:23","slug":"amerlingerhaus-muss-bleiben","status":"publish","type":"post","link":"https:\/\/www.iww.or.at\/en\/allgemein\/amerlingerhaus-muss-bleiben\/","title":{"rendered":"Amerlingerhaus muss bleiben!"},"content":{"rendered":"<p>Das Kulturzentrum Spittelberg (Amerlingerhaus) ist durch eine ignorante Stadtpolitik in seiner Existenz gef\u00e4hrdet.<\/p>\n<p><img decoding=\"async\" src=\"\/Users\/Bo\/Desktop\/aha-logo.gif\" alt=\"\" \/><\/p>\n<p><!--more-->Seit 32 Jahren ist das Kulturzentrum Spittelberg im Amerlinghaus eine offene,      niederschwellige Einrichtung, in der mit m\u00f6glichst wenigen Vorschriften und      Einengungen kritische, nicht kommerzielle Kulturarbeit stattfindet, in der      soziale und politische Initiativen, oft auch gemeinsam, arbeiten. An die f\u00fcnfzig      parteiunabh\u00e4ngige Gruppen benutzen, gegen ganz geringe Beitr\u00e4ge oft auch unentgeltlich,      die R\u00e4ume des Amerlinghauses. Dazu kommen noch die fixen Bestandteile des      Hauses &#8211; verein exil, Vereinigung f\u00fcr Frauenintegration, Kindergruppe Amerlinghaus      sowie eine Reihe von Initiativen, die das Kulturzentrum f\u00fcr Einzelveranstaltungen      nutzen. F\u00fcr viele dieser Initiativen w\u00e4re der Wegfall des Kulturzentrums im      Amerlinghaus als nicht-kommerzieller Raum f\u00fcr zahlreiche emanzipatorische,      selbstorganisierte Projekte, kritische Basiskulturarbeit, antirassistische      und kulturpolitische Arbeit, existenzgef\u00e4hrdend.<\/p>\n<p>Das Amerlinghaus selbst geh\u00f6rt der Gemeinde Wien und wird durch die GESIBA      verwaltet. Das Kulturzentrum Spittelberg wird vollst\u00e4ndig durch die MA 13      subventioniert, wobei ein Teil der Subvention (mittlerweile ca. 1\/5) als Miete      an die Gesiba geht. Bis 2004 wurden die Subventionen in unregelm\u00e4\u00dfigen Abst\u00e4nden      wertangepasst. Seitdem nicht mehr. Bereits 2004 waren wir au\u00dferdem gen\u00f6tigt,      Personalk\u00fcrzungen und Einsparungen vorzunehmen.<\/p>\n<p>Weitere Informationen und die M\u00f6glichkeit eine Onlinepetition zu unterschreiben findet ihr <a href=\"http:\/\/www.amerlinghaus.at\/krise\/krise%20braucht%20kultur.htm\" target=\"_blank\" rel=\"noopener noreferrer\">hier<\/a>!<\/p>\n","protected":false},"excerpt":{"rendered":"<p>Das Kulturzentrum Spittelberg (Amerlingerhaus) ist durch eine ignorante Stadtpolitik in seiner Existenz gef\u00e4hrdet.<\/p>\n","protected":false},"author":1,"featured_media":0,"comment_status":"closed","ping_status":"open","sticky":false,"template":"","format":"standard","meta":[],"categories":[52,82],"tags":[],"_links":{"self":[{"href":"https:\/\/www.iww.or.at\/en\/wp-json\/wp\/v2\/posts\/2145"}],"collection":[{"href":"https:\/\/www.iww.or.at\/en\/wp-json\/wp\/v2\/posts"}],"about":[{"href":"https:\/\/www.iww.or.at\/en\/wp-json\/wp\/v2\/types\/post"}],"author":[{"embeddable":true,"href":"https:\/\/www.iww.or.at\/en\/wp-json\/wp\/v2\/users\/1"}],"replies":[{"embeddable":true,"href":"https:\/\/www.iww.or.at\/en\/wp-json\/wp\/v2\/comments?post=2145"}],"version-history":[{"count":0,"href":"https:\/\/www.iww.or.at\/en\/wp-json\/wp\/v2\/posts\/2145\/revisions"}],"wp:attachment":[{"href":"https:\/\/www.iww.or.at\/en\/wp-json\/wp\/v2\/media?parent=2145"}],"wp:term":[{"taxonomy":"category","embeddable":true,"href":"https:\/\/www.iww.or.at\/en\/wp-json\/wp\/v2\/categories?post=2145"},{"taxonomy":"post_tag","embeddable":true,"href":"https:\/\/www.iww.or.at\/en\/wp-json\/wp\/v2\/tags?post=2145"}],"curies":[{"name":"wp","href":"https:\/\/api.w.org\/{rel}","templated":true}]}}