{"id":2144,"date":"2010-09-17T09:32:24","date_gmt":"2010-09-17T07:32:24","guid":{"rendered":"http:\/\/iwwaustria.wordpress.com\/?p=338"},"modified":"2010-09-17T09:32:24","modified_gmt":"2010-09-17T07:32:24","slug":"taz-korrespondenten-streiken","status":"publish","type":"post","link":"https:\/\/www.iww.or.at\/en\/allgemein\/taz-korrespondenten-streiken\/","title":{"rendered":"taz-Korrespondenten streiken"},"content":{"rendered":"<p><strong>Journalisten protestieren gegen drastische Lohnk\u00fcrzungen durch die ehemals alternative tageszeitung<\/strong><\/p>\n<p>Durch einen zun\u00e4chst einw\u00f6chigen Entzug ihrer Arbeitsleistungen  wollen 10 von 14 Auslandskorrespondenten die taz unter Druck setzen, um  eine beschlossene \u00c4nderung der Arbeitsvertr\u00e4ge zur\u00fcck zu nehmen.<!--more--><\/p>\n<p>Die am Samstag, den 18. September 2010 in Berlin tagende  Genossenschaftsversammlung soll wach ger\u00fcttelt werden und die Beschl\u00fcsse  der Gesch\u00e4ftsleitung kassieren.<\/p>\n<p>\u201cAusgerechnet eine linke Zeitung\u201d &#8211; Gen\u00fcsslich berichtet ausgerechnet  der Netz-Ableger des deutschen Leitkultur-Hetzblatts Bild in einem  ausnahmsweise v\u00f6llig korrekten und griffig auf den Punkt geschriebenen  Beitrag. Darin auch ein Protest-Video aus Cairo:<\/p>\n<p><em><a href=\"http:\/\/www.bild.de\/BILD\/politik\/wirtschaft\/2010\/09\/15\/taz-revolte-aufstand-der-auslandskorrespondenten\/das-video.html\">Korrespondenten streiken &#8211; Die \u201ctaz\u201d-Revolte &#8211; das Video<\/a>, Bild.de am\u00a0 15. September 2010.<\/em><\/p>\n","protected":false},"excerpt":{"rendered":"<p>Journalisten protestieren gegen drastische Lohnk\u00fcrzungen durch die ehemals alternative tageszeitung Durch einen zun\u00e4chst einw\u00f6chigen Entzug ihrer Arbeitsleistungen wollen 10 von 14 Auslandskorrespondenten die taz unter Druck setzen, um eine beschlossene [&hellip;]<\/p>\n","protected":false},"author":1,"featured_media":0,"comment_status":"open","ping_status":"open","sticky":false,"template":"","format":"standard","meta":[],"categories":[52,81],"tags":[],"_links":{"self":[{"href":"https:\/\/www.iww.or.at\/en\/wp-json\/wp\/v2\/posts\/2144"}],"collection":[{"href":"https:\/\/www.iww.or.at\/en\/wp-json\/wp\/v2\/posts"}],"about":[{"href":"https:\/\/www.iww.or.at\/en\/wp-json\/wp\/v2\/types\/post"}],"author":[{"embeddable":true,"href":"https:\/\/www.iww.or.at\/en\/wp-json\/wp\/v2\/users\/1"}],"replies":[{"embeddable":true,"href":"https:\/\/www.iww.or.at\/en\/wp-json\/wp\/v2\/comments?post=2144"}],"version-history":[{"count":0,"href":"https:\/\/www.iww.or.at\/en\/wp-json\/wp\/v2\/posts\/2144\/revisions"}],"wp:attachment":[{"href":"https:\/\/www.iww.or.at\/en\/wp-json\/wp\/v2\/media?parent=2144"}],"wp:term":[{"taxonomy":"category","embeddable":true,"href":"https:\/\/www.iww.or.at\/en\/wp-json\/wp\/v2\/categories?post=2144"},{"taxonomy":"post_tag","embeddable":true,"href":"https:\/\/www.iww.or.at\/en\/wp-json\/wp\/v2\/tags?post=2144"}],"curies":[{"name":"wp","href":"https:\/\/api.w.org\/{rel}","templated":true}]}}