{"id":2134,"date":"2010-04-08T08:30:38","date_gmt":"2010-04-08T06:30:38","guid":{"rendered":"http:\/\/iwwaustria.wordpress.com\/?p=273"},"modified":"2010-04-08T08:30:38","modified_gmt":"2010-04-08T06:30:38","slug":"danke-fur-die-solidaritat-mit-haiti","status":"publish","type":"post","link":"https:\/\/www.iww.or.at\/en\/international\/danke-fur-die-solidaritat-mit-haiti\/","title":{"rendered":"Danke f\u00fcr die Solidarit\u00e4t mit Haiti!"},"content":{"rendered":"<p>Bis zum 28. Januar 2010 wurden im deutschsprachigen Raum knapp 2.300 Euro an Spenden f\u00fcr die Arbeiterinnen und Arbeiter in Haiti gesammelt.<br \/>\nDer Spendenaufruf hat vor allem in \u00d6sterreich gro\u00dfen Anklang gefunden und ist im Anbetracht unserer Gr\u00f6\u00dfe ein erfreuliches Ergebnis.<br \/>\nWir m\u00f6chten uns an dieser Stelle bei allen Menschen im Namen der Arbeiterinnen und Arbeiter in Haiti f\u00fcr ihre Solidarit\u00e4t und ihre Spenden bedanken.<\/p>\n<p>Solidarity forever!<\/p>\n","protected":false},"excerpt":{"rendered":"<p>Bis zum 28. Januar 2010 wurden im deutschsprachigen Raum knapp 2.300 Euro an Spenden f\u00fcr die Arbeiterinnen und Arbeiter in Haiti gesammelt. Der Spendenaufruf hat vor allem in \u00d6sterreich gro\u00dfen [&hellip;]<\/p>\n","protected":false},"author":1,"featured_media":0,"comment_status":"closed","ping_status":"open","sticky":false,"template":"","format":"standard","meta":[],"categories":[81],"tags":[],"_links":{"self":[{"href":"https:\/\/www.iww.or.at\/en\/wp-json\/wp\/v2\/posts\/2134"}],"collection":[{"href":"https:\/\/www.iww.or.at\/en\/wp-json\/wp\/v2\/posts"}],"about":[{"href":"https:\/\/www.iww.or.at\/en\/wp-json\/wp\/v2\/types\/post"}],"author":[{"embeddable":true,"href":"https:\/\/www.iww.or.at\/en\/wp-json\/wp\/v2\/users\/1"}],"replies":[{"embeddable":true,"href":"https:\/\/www.iww.or.at\/en\/wp-json\/wp\/v2\/comments?post=2134"}],"version-history":[{"count":0,"href":"https:\/\/www.iww.or.at\/en\/wp-json\/wp\/v2\/posts\/2134\/revisions"}],"wp:attachment":[{"href":"https:\/\/www.iww.or.at\/en\/wp-json\/wp\/v2\/media?parent=2134"}],"wp:term":[{"taxonomy":"category","embeddable":true,"href":"https:\/\/www.iww.or.at\/en\/wp-json\/wp\/v2\/categories?post=2134"},{"taxonomy":"post_tag","embeddable":true,"href":"https:\/\/www.iww.or.at\/en\/wp-json\/wp\/v2\/tags?post=2134"}],"curies":[{"name":"wp","href":"https:\/\/api.w.org\/{rel}","templated":true}]}}