{"id":2122,"date":"2009-11-16T15:51:16","date_gmt":"2009-11-16T13:51:16","guid":{"rendered":"http:\/\/iwwaustria.wordpress.com\/?p=221"},"modified":"2020-04-19T21:27:59","modified_gmt":"2020-04-19T20:27:59","slug":"wien-rucken-krumm-streikfonds-leer-ogb-danke-sehr","status":"publish","type":"post","link":"https:\/\/www.iww.or.at\/en\/uncategorized\/wien-rucken-krumm-streikfonds-leer-ogb-danke-sehr\/","title":{"rendered":"Wien: R\u00fccken krumm, Streikfonds leer &#8211; \u00d6GB, danke sehr!"},"content":{"rendered":"<p><strong>Besch\u00e4ftigte des Gesundheits- und Sozialbereichs gingen am Freitag, den 13. November im 1. Bezirk auf die Strasse.<\/strong><\/p>\n<p><img decoding=\"async\" loading=\"lazy\" title=\"IWW-Fahne auf F13 November 09 in Wien\" src=\"http:\/\/www.wobblies.de\/wp-content\/uploads\/2009\/11\/iww-flagge_f13.jpg\" alt=\"IWW-Fahne auf F13 November 09 in Wien\" width=\"220\" height=\"164\" align=\"right\" \/>\u00dcber 150 Menschen schlossen sich Freitagabend dem Aufruf der \u201eLibert\u00e4ren Initiative Sozial Arbeitender (<a href=\"http:\/\/lisasyndikat.wordpress.com\/\" target=\"_blank\" rel=\"noopener noreferrer\">LISA-FAS<\/a>)\u201c an und demonstrierten gegen die Budgetsanierung auf Kosten des Sozial- und Gesundheitsbereichs. Der Protest richtet sich in erster Linie gegen den laufenden Sozialabbau im Zuge der gegenw\u00e4rtigen Wirtschafts- und Finanzkrise.<\/p>\n<p>Parolen wie \u201eR\u00fccken krumm und Streikfond leer \u2013 \u00d6GB danke sehr!\u201c zeigten den klaren Unmut der Besch\u00e4ftigten \u00fcber die tradierte sozialpartnerschaftliche Kollektivvertragspolitik.\u00a0 Die zwei weiteren Wiener FAS-Syndikate, AS:WI (ArbeiterInnensyndikat \u2013 Wissensindustrie) und das Allgemeine Syndikat Wien, nahmen an der Demonstration ebenso teil, wie BAST (Bundesarbeitsgemeinschat Streekwork), die <a href=\"http:\/\/www.malen-nach-zahlen.at\/\" target=\"_blank\" rel=\"noopener noreferrer\">Lehrenden und Studierenden\u00a0 AG \u201emahlen-nach-zahlen\u201c<\/a> an der Akademie der bildenden K\u00fcnste und die <a href=\"..\/\" target=\"_blank\" rel=\"noopener noreferrer\">IWW Regionalgruppe \u00d6sterreich<\/a> (Industrial Workers of the World).<!--more--><\/p>\n<p>\u201eWir haben genug davon, dass unsere Arbeitsbedingungen prek\u00e4rer werden, es oft nicht m\u00f6glich ist, von unseren L\u00f6hnen zu leben und Viele im Bourn-Out enden.\u201c meinte etwa die BAST.<\/p>\n<p>Die LISA-FAS forderte unter anderem: \u201eNicht nur mehr Mitbestimmung, sondern Selbstbestimmung!\u201c<\/p>\n<p>Eine Teilnehmerin: \u201eWas hier geschieht gibt mir Mut, dass wir, die Besch\u00e4ftigten im Sozial- und Gesundheitsbereich uns emanzipieren und basisdemokratisch f\u00fcr unsere Rechte k\u00e4mpfen.\u201c<\/p>","protected":false},"excerpt":{"rendered":"<p>Sorry, this entry is only available in German.<\/p>\n","protected":false},"author":1,"featured_media":0,"comment_status":"closed","ping_status":"closed","sticky":false,"template":"","format":"standard","meta":[],"categories":[83],"tags":[],"_links":{"self":[{"href":"https:\/\/www.iww.or.at\/en\/wp-json\/wp\/v2\/posts\/2122"}],"collection":[{"href":"https:\/\/www.iww.or.at\/en\/wp-json\/wp\/v2\/posts"}],"about":[{"href":"https:\/\/www.iww.or.at\/en\/wp-json\/wp\/v2\/types\/post"}],"author":[{"embeddable":true,"href":"https:\/\/www.iww.or.at\/en\/wp-json\/wp\/v2\/users\/1"}],"replies":[{"embeddable":true,"href":"https:\/\/www.iww.or.at\/en\/wp-json\/wp\/v2\/comments?post=2122"}],"version-history":[{"count":1,"href":"https:\/\/www.iww.or.at\/en\/wp-json\/wp\/v2\/posts\/2122\/revisions"}],"predecessor-version":[{"id":2155,"href":"https:\/\/www.iww.or.at\/en\/wp-json\/wp\/v2\/posts\/2122\/revisions\/2155"}],"wp:attachment":[{"href":"https:\/\/www.iww.or.at\/en\/wp-json\/wp\/v2\/media?parent=2122"}],"wp:term":[{"taxonomy":"category","embeddable":true,"href":"https:\/\/www.iww.or.at\/en\/wp-json\/wp\/v2\/categories?post=2122"},{"taxonomy":"post_tag","embeddable":true,"href":"https:\/\/www.iww.or.at\/en\/wp-json\/wp\/v2\/tags?post=2122"}],"curies":[{"name":"wp","href":"https:\/\/api.w.org\/{rel}","templated":true}]}}