{"id":2099,"date":"2009-05-28T13:45:38","date_gmt":"2009-05-28T13:45:38","guid":{"rendered":"http:\/\/iwwaustria.wordpress.com\/?p=38"},"modified":"2009-05-28T13:45:38","modified_gmt":"2009-05-28T13:45:38","slug":"1-mai-tag-der-arbeitenden-klasse-tag-der-repression","status":"publish","type":"post","link":"https:\/\/www.iww.or.at\/en\/uncategorized\/1-mai-tag-der-arbeitenden-klasse-tag-der-repression\/","title":{"rendered":"1. Mai &#8211; Tag der arbeitenden Klasse! &#8211; Tag der Repression?"},"content":{"rendered":"<p>Diesen 1. Mai kam es bei einer Demonstration der KP\u00d6 zu gewaltt\u00e4tigen \u00dcbergriff der Polizei auf die DemonstrantInnen. Mit fadenscheinigen Argumenten wurde eine Gruppe von DemonstrantInnen eingekesselt und von der Polizei mit Schlagst\u00f6cken und Tr\u00e4nengas attackiert, w\u00e4hrend eine Veranstaltung der NVP (Nationale Volkspartei, welche sich selbst als \u00f6sterreichische Schwesterpartei der NPD begreift) zur gleichen Zeit unbehelligt blieb. Keine Frage, die Aufgabe der Staatsgewalt ist es den Staat zu sch\u00fctzen und mit der Versch\u00e4rfung der Lebens- und Arbeitsbedingungen unserer Klasse kommt es auch auf der \u201eInsel der Seligen\u201c zu einem Ansteigen der Unzufriedenheit und mittlerweile geistert durch die b\u00fcrgerlichen Medien auch schon die Sorge um das Ende des sozialen Friedens.<!--more--><\/p>\n<p>Faschistische Organisationen und Parteien haben vom b\u00fcrgerlichen Staat sehr wenig zu bef\u00fcrchten. So ist das \u00f6sterreichische Wiederbet\u00e4tigungsgesetz in den meisten F\u00e4llen nicht mehr als ein Lippenbekenntnis. Warum auch nicht? Die Faschisten r\u00fctteln ja auch nicht an der Grundlage der b\u00fcrgerlichen Herrschaft, der kapitalistischen Produktionsweise.<\/p>\n<p>Dies war der erste Polizeiangriff auf eine friedliche 1. Mai-Demonstration einer Partei die sich zur b\u00fcrgerlichen Demokratie bekennt und deren prim\u00e4res Ziel nicht die Abschaffung des Kapitalismus ist, seit dem Zweiten Weltkrieg.<\/p>\n<p>Dies zeigt eines in aller Deutlichkeit: Der Staat f\u00fcrchtet sich vor dem was auf ihn zukommen mag, wenn er seine Wachhunde schon auf friedliche DemonstrantInnen grundlos losl\u00e4sst. Weiters zeigt dieses Ereignis wieder einmal mehr als deutlich, wessen Staat das ist und wessen Interessen er vertritt.<\/p>\n<p>Wie wird der Staat wohl reagieren, wenn die zarten Bem\u00fchungen der ArbeiterInnenklasse, sich abseits der staatstragenden Parteien und Gewerkschaft zu organisieren, Fr\u00fcchte tragen werden?<\/p>\n<p><span style=\"text-decoration:underline;\">Eines ist aber sicher:<\/span> \u201e<em>Die arbeitende Klasse und die ausbeutende Klasse haben keine gemeinsamen Interessen. Es kann keinen Frieden geben, solange Hunger und Not unter Millionen von Arbeitenden zu finden sind und die wenigen aus denen die ausbeutende Klasse besteht, alle guten Dinge des Lebens besitzen. Zwischen diesen Klassen muss der Kampf weitergehen, bis die Arbeiter der Welt sich als eine Klasse organisieren, die Produktionsmittel in Besitz nehmen, das Lohnsystem abschaffen und in Harmonie mit der Erde leben.<\/em>\u201c (aus der Pr\u00e4ambel der IWW)<\/p>\n<p align=\"center\"><strong>Solidarit\u00e4t ist keine hohle Phrase, sondern unsere Waffe!<\/strong><\/p>\n<p align=\"center\">\n<p><span style=\"text-decoration:underline;\">Weitere Informationen, Medienberichte und Videos:<\/span><\/p>\n<p>Fotos + Augenzeugenbericht: http:\/\/andreame.at\/node\/283<br \/>\n* ORF-Interview mit dem Polizeiopfer Rainer Zendron: http:\/\/www.youtube.com\/watch?v=N3X3KL2etiY<br \/>\n* Artikel inkl. Youtube-Video des \u00dcbergriffs: http:\/\/www.andreame.at\/node\/275<br \/>\n* ORF-Beitrag auf Youtube: http:\/\/www.youtube.com\/watch?v=FKNVckz6UKs<br \/>\n* Zusammenschnitt auf Youtube (ohne Audio):http:\/\/www.youtube.com\/watch?v=rOfip2FPtIQ<br \/>\n* ORF Online Text + Video: http:\/\/ooe.orf.at\/stories\/359123\/<br \/>\n* Antifab\u00fcndnis Linz: http:\/\/antifa.servus.at\/<br \/>\n* Standard-Artikel: http:\/\/derstandard.at\/?id=1240550324614<br \/>\n* Statement der KP\u00d6 Linz: http:\/\/ooe.kpoe.at\/news\/article.php\/20090502070927910<br \/>\n* Statement der KUPF (Kulturplattform O\u00d6): www.kupf.at<br \/>\n* Artikel in den Ober\u00f6sterreichischen Nachrichten (O\u00d6N): http:\/\/www.nachrichten.at\/oberoesterreich\/art4,166614<br \/>\n* Nachtrag der O\u00d6N zum urspr\u00fcnglichen Artikel: http:\/\/www.nachrichten.at\/oberoesterreich\/art4,166747<br \/>\n* G.Tr\u00fcbswasser (Gr\u00fcne O\u00d6) in den O\u00d6N: http:\/\/www.nachrichten.at\/oberoesterreich\/art4,167057<br \/>\n* Stellungnahme der Sozialistischen Jugend Linz: www.sj-linz.at<br \/>\n* Bericht im deutschen Antifa-Newsblog: http:\/\/antifanews.blog.de\/2009\/05\/01\/1-mai-linz-demonstration-polizei-zerschlagen-6042040\/<br \/>\n* Artikel der Tageszeitung &#8220;\u00d6sterreich&#8221; (online): http:\/\/www.oe24.at\/oesterreich\/politik\/Verletzte_bei_KPOe-Demo_in_Linz__0458948.ece<br \/>\n* Artikel in der \u00d6VP-Zeitung &#8220;Volksblatt&#8221; (online): http:\/\/www.volksblatt.at\/index.php?id=51736&amp;MP=61-157<\/p>\n<p>* F\u00f6deration der ArbeiterInnen Syndikate: <span style=\"text-decoration:underline;\">http:\/\/www.syndikate.at<\/span><\/p>\n","protected":false},"excerpt":{"rendered":"<p>Diesen 1. Mai kam es bei einer Demonstration der KP\u00d6 zu gewaltt\u00e4tigen \u00dcbergriff der Polizei auf die DemonstrantInnen. Mit fadenscheinigen Argumenten wurde eine Gruppe von DemonstrantInnen eingekesselt und von der [&hellip;]<\/p>\n","protected":false},"author":1,"featured_media":0,"comment_status":"closed","ping_status":"open","sticky":false,"template":"","format":"standard","meta":[],"categories":[83],"tags":[],"_links":{"self":[{"href":"https:\/\/www.iww.or.at\/en\/wp-json\/wp\/v2\/posts\/2099"}],"collection":[{"href":"https:\/\/www.iww.or.at\/en\/wp-json\/wp\/v2\/posts"}],"about":[{"href":"https:\/\/www.iww.or.at\/en\/wp-json\/wp\/v2\/types\/post"}],"author":[{"embeddable":true,"href":"https:\/\/www.iww.or.at\/en\/wp-json\/wp\/v2\/users\/1"}],"replies":[{"embeddable":true,"href":"https:\/\/www.iww.or.at\/en\/wp-json\/wp\/v2\/comments?post=2099"}],"version-history":[{"count":0,"href":"https:\/\/www.iww.or.at\/en\/wp-json\/wp\/v2\/posts\/2099\/revisions"}],"wp:attachment":[{"href":"https:\/\/www.iww.or.at\/en\/wp-json\/wp\/v2\/media?parent=2099"}],"wp:term":[{"taxonomy":"category","embeddable":true,"href":"https:\/\/www.iww.or.at\/en\/wp-json\/wp\/v2\/categories?post=2099"},{"taxonomy":"post_tag","embeddable":true,"href":"https:\/\/www.iww.or.at\/en\/wp-json\/wp\/v2\/tags?post=2099"}],"curies":[{"name":"wp","href":"https:\/\/api.w.org\/{rel}","templated":true}]}}